{"id":493,"date":"2016-03-01T22:03:59","date_gmt":"2016-03-01T22:03:59","guid":{"rendered":"http:\/\/tex.fr\/?p=493"},"modified":"2016-03-01T22:03:59","modified_gmt":"2016-03-01T22:03:59","slug":"le-systeme-ne-se-met-plus-en-veille-automatique","status":"publish","type":"post","link":"https:\/\/tex.fr\/index.php\/2016\/03\/01\/le-systeme-ne-se-met-plus-en-veille-automatique\/","title":{"rendered":"Le syst\u00e8me ne se met plus en veille automatique"},"content":{"rendered":"<h6>Le syst\u00e8me ne se met plus en veille automatique<\/h6>\n<p>Du jour au lendemain, sans pr\u00e9venir, votre pc refuse de rentrer en veille automatique.\u00a0 dans ce cas vous pouvez tenter de reconstruire le fichier hiberfil.sys en ex\u00e9cutant successivement les 2 commandes suivantes :<\/p>\n<pre style=\"color: white; background: black;\">c:\\users\\tex&gt;  powercfg \/h off\nc:\\users\\tex&gt;  powercfg \/h on<\/pre>\n<p>Si votre pc rechigne toujours \u00e0 rentrer en veille, vous pouvez \u00e9ventuellement rep\u00e9rer les \u00e9l\u00e9ments qui interdisent la mise en veille avec la commande <em>powercfg -reauests<\/em><\/p>\n<pre style=\"color: white; background: black;\">C:\\WINDOWS\\system32&gt; powercfg -requests\nDISPLAY\u00a0:\nAucune.\n\nSYSTEM :\nAucune.\n\nAWAYMODE\u00a0:\nAucune.\n\nEX\u00c9CUTION\u00a0:\nAucune.\n\nPERFBOOST\u00a0:\nAucune.\n\nC:\\WINDOWS\\system32&gt;<\/pre>\n<p><em><small>Note : La plupart des op\u00e9rations d\u00e9crites dans cette page doivent \u00eatre ex\u00e9cut\u00e9es en mode administrateur, pour savoir comment lancer un fen\u00eatre de commande ou d&#8217;autres ex\u00e9cutable en mode administrateur, consulter https:\/\/tex.fr\/lobservateur-devenements-corriger-erreurs-windows\/<\/small><\/em><\/p>\n","protected":false},"excerpt":{"rendered":"<p>Le syst\u00e8me ne se met plus en veille automatique Du jour au lendemain, sans pr\u00e9venir, votre pc refuse de rentrer en veille automatique.\u00a0 dans ce cas vous pouvez tenter de reconstruire le fichier hiberfil.sys en ex\u00e9cutant successivement les 2 commandes suivantes : c:\\users\\tex&gt; powercfg \/h off c:\\users\\tex&gt; powercfg \/h on Si votre pc rechigne toujours &hellip; <a href=\"https:\/\/tex.fr\/index.php\/2016\/03\/01\/le-systeme-ne-se-met-plus-en-veille-automatique\/\" class=\"more-link\">Continue reading <span class=\"screen-reader-text\">Le syst\u00e8me ne se met plus en veille automatique<\/span> <span class=\"meta-nav\">&rarr;<\/span><\/a><\/p>\n","protected":false},"author":1,"featured_media":0,"comment_status":"closed","ping_status":"closed","sticky":false,"template":"","format":"standard","meta":{"footnotes":""},"categories":[8],"tags":[],"class_list":["post-493","post","type-post","status-publish","format-standard","hentry","category-windows"],"_links":{"self":[{"href":"https:\/\/tex.fr\/index.php\/wp-json\/wp\/v2\/posts\/493","targetHints":{"allow":["GET"]}}],"collection":[{"href":"https:\/\/tex.fr\/index.php\/wp-json\/wp\/v2\/posts"}],"about":[{"href":"https:\/\/tex.fr\/index.php\/wp-json\/wp\/v2\/types\/post"}],"author":[{"embeddable":true,"href":"https:\/\/tex.fr\/index.php\/wp-json\/wp\/v2\/users\/1"}],"replies":[{"embeddable":true,"href":"https:\/\/tex.fr\/index.php\/wp-json\/wp\/v2\/comments?post=493"}],"version-history":[{"count":0,"href":"https:\/\/tex.fr\/index.php\/wp-json\/wp\/v2\/posts\/493\/revisions"}],"wp:attachment":[{"href":"https:\/\/tex.fr\/index.php\/wp-json\/wp\/v2\/media?parent=493"}],"wp:term":[{"taxonomy":"category","embeddable":true,"href":"https:\/\/tex.fr\/index.php\/wp-json\/wp\/v2\/categories?post=493"},{"taxonomy":"post_tag","embeddable":true,"href":"https:\/\/tex.fr\/index.php\/wp-json\/wp\/v2\/tags?post=493"}],"curies":[{"name":"wp","href":"https:\/\/api.w.org\/{rel}","templated":true}]}}